{"id":2868,"date":"2026-06-25T12:25:39","date_gmt":"2026-06-25T10:25:39","guid":{"rendered":"https:\/\/schillergymnasium-pirna.de\/?p=2868"},"modified":"2026-06-25T12:27:14","modified_gmt":"2026-06-25T10:27:14","slug":"skolni-slavnost-trpytiva-budoucnost-150plus-x-1-7-26","status":"publish","type":"post","link":"https:\/\/schillergymnasium-pirna.de\/cs\/schulfest-schillernde-zukunft-150plus-x-am-1-7-26\/","title":{"rendered":"\u0160koln\u00ed slavnost SCHILLERuj\u00edc\u00ed budoucnost. 150plus x 1. 7. 26"},"content":{"rendered":"<div data-elementor-type=\"wp-post\" data-elementor-id=\"2868\" class=\"elementor elementor-2868\" data-elementor-post-type=\"post\">\n\t\t\t\t<div class=\"elementor-element elementor-element-815f978 e-flex e-con-boxed e-con e-parent\" data-id=\"815f978\" data-element_type=\"container\" data-e-type=\"container\">\n\t\t\t\t\t<div class=\"e-con-inner\">\n\t\t\t\t<div class=\"elementor-element elementor-element-845b37f elementor-widget elementor-widget-text-editor\" data-id=\"845b37f\" data-element_type=\"widget\" data-e-type=\"widget\" data-widget_type=\"text-editor.default\">\n\t\t\t\t\t\t\t\t\t<p>V\u00e1\u017een\u00ed rodi\u010de, v\u00e1\u017een\u00e1 \u0161koln\u00ed komunito,<\/p><p>ve st\u0159edu (1. 7.) oslav\u00ed FSG pod heslem <strong>Z\u00e1\u0159n\u00e1 budoucnost. 150<sup>plus x<\/sup><\/strong> 150. v\u00fdro\u010d\u00ed otev\u0159en\u00ed na\u0161\u00ed \u0161koly. V\u0161ichni, kdo zde studuj\u00ed a pracuj\u00ed, jsou se sv\u00fdmi bl\u00edzk\u00fdmi srde\u010dn\u011b zv\u00e1ni \u2013 viz dopis rodi\u010d\u016fm. Jubilejn\u00ed \u0161koln\u00ed slavnost za\u010d\u00edn\u00e1 ve 14 hodin a potrv\u00e1 do 18 hodin. Projektov\u00e9 skupiny p\u0159edstav\u00ed sv\u00e9 \u201ed\u00e1rky\u201c k v\u00fdro\u010d\u00ed \u0161koly \u2013 \u010d\u00e1ste\u010dn\u011b na st\u00e1nc\u00edch na n\u00e1dvo\u0159\u00ed, \u010d\u00e1ste\u010dn\u011b ve \u0161koln\u00ed budov\u011b a n\u011bkter\u00e9 tak\u00e9 jako sou\u010d\u00e1st programu na venkovn\u00ed sc\u00e9n\u011b. V programu na sc\u00e9n\u011b budou k vid\u011bn\u00ed n\u00e1sleduj\u00edc\u00ed vystoupen\u00ed:<\/p><p>14:00 Zah\u00e1jen\u00ed<\/p><p>14:05 Schiller\u016fv tanec (skupina H2)<\/p><p>14:12 \u00a0\u00a0\u00a0\u00a0\u00a0\u00a0\u00a0\u00a0\u00a0\u00a0\u00a0\u00a0 P\u00edse\u0148 \u201eFSG 150\u201c (skupina H1)<\/p><p>14:20 Uhr \u0160koln\u00ed slavnost - tane\u010dn\u00ed choreografie (skupina H4)<\/p><p>14:25 M\u00f3dn\u00ed p\u0159ehl\u00eddka (skupina C4)<\/p><p>15:00 Zumba k zatan\u010den\u00ed<\/p><p>15:45 \u201eFarm\u00e1\u0159 MacDonald\u201c (fl\u00e9tnov\u00fd krou\u017eek a t\u0159\u00edda 5\/2)<\/p><p>15:55 \u010cesk\u00e9 divadlo (5\/3)<\/p><p>16:20 Schiller\u016fv tanec (skupina H2)<\/p><p>16.30 hod.\u00a0\u00a0\u00a0\u00a0\u00a0\u00a0\u00a0\u00a0 V\u00fd\u0148atek z d\u00edla \u201eVl\u010d\u00ed chata\u201c (N\u011bmecko-\u010desk\u00fd divadeln\u00ed spolek)<\/p><p>17:00 Koncert \u0161koln\u00ed kapely<\/p>\t\t\t\t\t\t\t\t<\/div>\n\t\t\t\t\t<\/div>\n\t\t\t\t<\/div>\n\t\t\t\t<\/div>","protected":false},"excerpt":{"rendered":"<p>V\u00e1\u017een\u00ed rodi\u010de, v\u00e1\u017een\u00ed \u010dlenov\u00e9 \u0161koln\u00ed komunity, ve st\u0159edu (1. 7.) oslav\u00ed FSG pod heslem SCHILLERn\u00e1 budoucnost\u2026.<\/p>","protected":false},"author":11,"featured_media":2148,"comment_status":"closed","ping_status":"","sticky":false,"template":"","format":"standard","meta":{"rs_blank_template":"","rs_page_bg_color":"","slide_template_v7":"","_loi_post_transparent":"","_loi_post_title":"","_loi_post_layout":"","_loi_post_sidebar_id":"","_loi_post_content_style":"","_loi_post_vertical_padding":"","_loi_post_feature":"","_loi_post_feature_position":"","_loi_post_header":false,"_loi_post_footer":false,"footnotes":""},"categories":[1],"tags":[],"class_list":["post-2868","post","type-post","status-publish","format-standard","has-post-thumbnail","hentry","category-allgemein"],"_links":{"self":[{"href":"https:\/\/schillergymnasium-pirna.de\/cs\/wp-json\/wp\/v2\/posts\/2868","targetHints":{"allow":["GET"]}}],"collection":[{"href":"https:\/\/schillergymnasium-pirna.de\/cs\/wp-json\/wp\/v2\/posts"}],"about":[{"href":"https:\/\/schillergymnasium-pirna.de\/cs\/wp-json\/wp\/v2\/types\/post"}],"author":[{"embeddable":true,"href":"https:\/\/schillergymnasium-pirna.de\/cs\/wp-json\/wp\/v2\/users\/11"}],"replies":[{"embeddable":true,"href":"https:\/\/schillergymnasium-pirna.de\/cs\/wp-json\/wp\/v2\/comments?post=2868"}],"version-history":[{"count":4,"href":"https:\/\/schillergymnasium-pirna.de\/cs\/wp-json\/wp\/v2\/posts\/2868\/revisions"}],"predecessor-version":[{"id":2872,"href":"https:\/\/schillergymnasium-pirna.de\/cs\/wp-json\/wp\/v2\/posts\/2868\/revisions\/2872"}],"wp:featuredmedia":[{"embeddable":true,"href":"https:\/\/schillergymnasium-pirna.de\/cs\/wp-json\/wp\/v2\/media\/2148"}],"wp:attachment":[{"href":"https:\/\/schillergymnasium-pirna.de\/cs\/wp-json\/wp\/v2\/media?parent=2868"}],"wp:term":[{"taxonomy":"category","embeddable":true,"href":"https:\/\/schillergymnasium-pirna.de\/cs\/wp-json\/wp\/v2\/categories?post=2868"},{"taxonomy":"post_tag","embeddable":true,"href":"https:\/\/schillergymnasium-pirna.de\/cs\/wp-json\/wp\/v2\/tags?post=2868"}],"curies":[{"name":"wp","href":"https:\/\/api.w.org\/{rel}","templated":true}]}}