{"id":3201,"date":"2026-08-31T07:00:00","date_gmt":"2026-08-31T05:00:00","guid":{"rendered":"https:\/\/schillergymnasium-pirna.de\/?p=3201"},"modified":"2026-08-28T20:16:07","modified_gmt":"2026-08-28T18:16:07","slug":"informace-o-tridnich-schuzkach-fsg","status":"publish","type":"post","link":"https:\/\/schillergymnasium-pirna.de\/cs\/informationen-zu-den-fsg-elternabenden\/","title":{"rendered":"Informace k t\u0159\u00eddn\u00edm sch\u016fzk\u00e1m FSG"},"content":{"rendered":"<div data-elementor-type=\"wp-post\" data-elementor-id=\"3201\" class=\"elementor elementor-3201\" data-elementor-post-type=\"post\">\n\t\t\t\t<div class=\"elementor-element elementor-element-9c431ac e-flex e-con-boxed e-con e-parent\" data-id=\"9c431ac\" data-element_type=\"container\" data-e-type=\"container\">\n\t\t\t\t\t<div class=\"e-con-inner\">\n\t\t\t\t<div class=\"elementor-element elementor-element-028454a elementor-widget elementor-widget-text-editor\" data-id=\"028454a\" data-element_type=\"widget\" data-e-type=\"widget\" data-widget_type=\"text-editor.default\">\n\t\t\t\t\t\t\t\t\t<p>V\u00e1\u017een\u00ed rodi\u010de,<\/p><p>T\u011b\u0161\u00ed n\u00e1s, \u017ee v\u00e1s m\u016f\u017eeme p\u0159iv\u00edtat na t\u0159\u00eddn\u00edch sch\u016fzk\u00e1ch. Veden\u00ed \u0161koly zah\u00e1j\u00ed t\u0159\u00eddn\u00ed sch\u016fzky online. Odkaz pro p\u0159ipojen\u00ed naleznete zde: URL adresa konference: <a href=\"https:\/\/bbb.schullogin.de\/rooms\/uow-5sa-ely-sek\/join\" target=\"_blank\" rel=\"noreferrer noopener\">https:\/\/bbb.schullogin.de\/rooms\/uow-5sa-ely-sek\/join,\u00a0<\/a>P\u0159\u00edstupov\u00fd k\u00f3d: 9fymb9.<\/p><p>P\u0159\u00edslu\u0161nou PowerPointovou prezentaci si m\u016f\u017eete <a href=\"https:\/\/schillergymnasium-pirna.de\/wp-content\/uploads\/2026\/08\/2026_08-FSG-Elternabende-1.pdf\" target=\"_blank\" rel=\"noopener\">zde<\/a> nahl\u00e9dnout.<\/p>\t\t\t\t\t\t\t\t<\/div>\n\t\t\t\t\t<\/div>\n\t\t\t\t<\/div>\n\t\t\t\t<\/div>","protected":false},"excerpt":{"rendered":"<p>V\u00e1\u017een\u00ed rodi\u010de, t\u011b\u0161\u00ed n\u00e1s, \u017ee v\u00e1s m\u016f\u017eeme p\u0159iv\u00edtat na t\u0159\u00eddn\u00edch sch\u016fzk\u00e1ch. Veden\u00ed \u0161koly bude\u2026<\/p>","protected":false},"author":11,"featured_media":3166,"comment_status":"closed","ping_status":"","sticky":false,"template":"","format":"standard","meta":{"rs_blank_template":"","rs_page_bg_color":"","slide_template_v7":"","_loi_post_transparent":"","_loi_post_title":"","_loi_post_layout":"","_loi_post_sidebar_id":"","_loi_post_content_style":"","_loi_post_vertical_padding":"","_loi_post_feature":"","_loi_post_feature_position":"","_loi_post_header":false,"_loi_post_footer":false,"footnotes":""},"categories":[1],"tags":[],"class_list":["post-3201","post","type-post","status-publish","format-standard","has-post-thumbnail","hentry","category-allgemein"],"_links":{"self":[{"href":"https:\/\/schillergymnasium-pirna.de\/cs\/wp-json\/wp\/v2\/posts\/3201","targetHints":{"allow":["GET"]}}],"collection":[{"href":"https:\/\/schillergymnasium-pirna.de\/cs\/wp-json\/wp\/v2\/posts"}],"about":[{"href":"https:\/\/schillergymnasium-pirna.de\/cs\/wp-json\/wp\/v2\/types\/post"}],"author":[{"embeddable":true,"href":"https:\/\/schillergymnasium-pirna.de\/cs\/wp-json\/wp\/v2\/users\/11"}],"replies":[{"embeddable":true,"href":"https:\/\/schillergymnasium-pirna.de\/cs\/wp-json\/wp\/v2\/comments?post=3201"}],"version-history":[{"count":4,"href":"https:\/\/schillergymnasium-pirna.de\/cs\/wp-json\/wp\/v2\/posts\/3201\/revisions"}],"predecessor-version":[{"id":3205,"href":"https:\/\/schillergymnasium-pirna.de\/cs\/wp-json\/wp\/v2\/posts\/3201\/revisions\/3205"}],"wp:featuredmedia":[{"embeddable":true,"href":"https:\/\/schillergymnasium-pirna.de\/cs\/wp-json\/wp\/v2\/media\/3166"}],"wp:attachment":[{"href":"https:\/\/schillergymnasium-pirna.de\/cs\/wp-json\/wp\/v2\/media?parent=3201"}],"wp:term":[{"taxonomy":"category","embeddable":true,"href":"https:\/\/schillergymnasium-pirna.de\/cs\/wp-json\/wp\/v2\/categories?post=3201"},{"taxonomy":"post_tag","embeddable":true,"href":"https:\/\/schillergymnasium-pirna.de\/cs\/wp-json\/wp\/v2\/tags?post=3201"}],"curies":[{"name":"wp","href":"https:\/\/api.w.org\/{rel}","templated":true}]}}