{"id":3220,"date":"2026-08-31T08:45:42","date_gmt":"2026-08-31T06:45:42","guid":{"rendered":"https:\/\/schillergymnasium-pirna.de\/?p=3220"},"modified":"2026-08-31T08:46:21","modified_gmt":"2026-08-31T06:46:21","slug":"prehled-terminu-zari-2026","status":"publish","type":"post","link":"https:\/\/schillergymnasium-pirna.de\/cs\/terminuebersicht-september-2026\/","title":{"rendered":"P\u0159ehled term\u00edn\u016f z\u00e1\u0159\u00ed 2026"},"content":{"rendered":"<div data-elementor-type=\"wp-post\" data-elementor-id=\"3220\" class=\"elementor elementor-3220\" data-elementor-post-type=\"post\">\n\t\t\t\t<div class=\"elementor-element elementor-element-04f5409 e-flex e-con-boxed e-con e-parent\" data-id=\"04f5409\" data-element_type=\"container\" data-e-type=\"container\">\n\t\t\t\t\t<div class=\"e-con-inner\">\n\t\t\t\t<div class=\"elementor-element elementor-element-e45d502 elementor-widget elementor-widget-image\" data-id=\"e45d502\" data-element_type=\"widget\" data-e-type=\"widget\" data-widget_type=\"image.default\">\n\t\t\t\t\t\t\t\t\t\t\t\t\t\t\t<img fetchpriority=\"high\" decoding=\"async\" width=\"1024\" height=\"1024\" src=\"https:\/\/schillergymnasium-pirna.de\/wp-content\/uploads\/2026\/08\/Terminuebersicht-September-2026-1024x1024.png\" class=\"attachment-large size-large wp-image-3216\" alt=\"\" srcset=\"https:\/\/schillergymnasium-pirna.de\/wp-content\/uploads\/2026\/08\/Terminuebersicht-September-2026-1024x1024.png 1024w, https:\/\/schillergymnasium-pirna.de\/wp-content\/uploads\/2026\/08\/Terminuebersicht-September-2026-300x300.png 300w, https:\/\/schillergymnasium-pirna.de\/wp-content\/uploads\/2026\/08\/Terminuebersicht-September-2026-150x150.png 150w, https:\/\/schillergymnasium-pirna.de\/wp-content\/uploads\/2026\/08\/Terminuebersicht-September-2026-768x768.png 768w, https:\/\/schillergymnasium-pirna.de\/wp-content\/uploads\/2026\/08\/Terminuebersicht-September-2026-12x12.png 12w, https:\/\/schillergymnasium-pirna.de\/wp-content\/uploads\/2026\/08\/Terminuebersicht-September-2026-700x700.png 700w, https:\/\/schillergymnasium-pirna.de\/wp-content\/uploads\/2026\/08\/Terminuebersicht-September-2026.png 1080w\" sizes=\"(max-width: 1024px) 100vw, 1024px\" \/>\t\t\t\t\t\t\t\t\t\t\t\t\t\t\t<\/div>\n\t\t\t\t\t<\/div>\n\t\t\t\t<\/div>\n\t\t\t\t<\/div>","protected":false},"excerpt":{"rendered":"","protected":false},"author":11,"featured_media":2033,"comment_status":"closed","ping_status":"","sticky":false,"template":"","format":"standard","meta":{"rs_blank_template":"","rs_page_bg_color":"","slide_template_v7":"","_loi_post_transparent":"","_loi_post_title":"","_loi_post_layout":"","_loi_post_sidebar_id":"","_loi_post_content_style":"","_loi_post_vertical_padding":"","_loi_post_feature":"","_loi_post_feature_position":"","_loi_post_header":false,"_loi_post_footer":false,"footnotes":""},"categories":[1],"tags":[],"class_list":["post-3220","post","type-post","status-publish","format-standard","has-post-thumbnail","hentry","category-allgemein"],"_links":{"self":[{"href":"https:\/\/schillergymnasium-pirna.de\/cs\/wp-json\/wp\/v2\/posts\/3220","targetHints":{"allow":["GET"]}}],"collection":[{"href":"https:\/\/schillergymnasium-pirna.de\/cs\/wp-json\/wp\/v2\/posts"}],"about":[{"href":"https:\/\/schillergymnasium-pirna.de\/cs\/wp-json\/wp\/v2\/types\/post"}],"author":[{"embeddable":true,"href":"https:\/\/schillergymnasium-pirna.de\/cs\/wp-json\/wp\/v2\/users\/11"}],"replies":[{"embeddable":true,"href":"https:\/\/schillergymnasium-pirna.de\/cs\/wp-json\/wp\/v2\/comments?post=3220"}],"version-history":[{"count":4,"href":"https:\/\/schillergymnasium-pirna.de\/cs\/wp-json\/wp\/v2\/posts\/3220\/revisions"}],"predecessor-version":[{"id":3224,"href":"https:\/\/schillergymnasium-pirna.de\/cs\/wp-json\/wp\/v2\/posts\/3220\/revisions\/3224"}],"wp:featuredmedia":[{"embeddable":true,"href":"https:\/\/schillergymnasium-pirna.de\/cs\/wp-json\/wp\/v2\/media\/2033"}],"wp:attachment":[{"href":"https:\/\/schillergymnasium-pirna.de\/cs\/wp-json\/wp\/v2\/media?parent=3220"}],"wp:term":[{"taxonomy":"category","embeddable":true,"href":"https:\/\/schillergymnasium-pirna.de\/cs\/wp-json\/wp\/v2\/categories?post=3220"},{"taxonomy":"post_tag","embeddable":true,"href":"https:\/\/schillergymnasium-pirna.de\/cs\/wp-json\/wp\/v2\/tags?post=3220"}],"curies":[{"name":"wp","href":"https:\/\/api.w.org\/{rel}","templated":true}]}}